{"id":27192,"date":"2023-01-22T22:56:00","date_gmt":"2023-01-22T21:56:00","guid":{"rendered":"https:\/\/kurdch.tv\/?p=27192"},"modified":"2023-01-23T15:58:19","modified_gmt":"2023-01-23T14:58:19","slug":"belgefilm-2e-rebendan-salvegera-avakirina-komara-kurdistane","status":"publish","type":"post","link":"https:\/\/kurdch.tv\/?p=27192","title":{"rendered":"Belgef\u00eelm; 2\u00ea R\u00eabendan, salvegera avakirina Komara Kurdistan\u00ea"},"content":{"rendered":"\n<iframe loading=\"lazy\" src=\"https:\/\/drive.google.com\/file\/d\/1hrvsHlKC1YOxWbWWhm0ynI_P68RKInTM\/preview\" width=\"720\" height=\"480\" allow=\"autoplay\"><\/iframe>\n","protected":false},"excerpt":{"rendered":"","protected":false},"author":3,"featured_media":27193,"comment_status":"open","ping_status":"open","sticky":false,"template":"","format":"standard","meta":{"footnotes":""},"categories":[170],"tags":[],"class_list":["post-27192","post","type-post","status-publish","format-standard","has-post-thumbnail","hentry","category-170"],"_links":{"self":[{"href":"https:\/\/kurdch.tv\/index.php?rest_route=\/wp\/v2\/posts\/27192","targetHints":{"allow":["GET"]}}],"collection":[{"href":"https:\/\/kurdch.tv\/index.php?rest_route=\/wp\/v2\/posts"}],"about":[{"href":"https:\/\/kurdch.tv\/index.php?rest_route=\/wp\/v2\/types\/post"}],"author":[{"embeddable":true,"href":"https:\/\/kurdch.tv\/index.php?rest_route=\/wp\/v2\/users\/3"}],"replies":[{"embeddable":true,"href":"https:\/\/kurdch.tv\/index.php?rest_route=%2Fwp%2Fv2%2Fcomments&post=27192"}],"version-history":[{"count":1,"href":"https:\/\/kurdch.tv\/index.php?rest_route=\/wp\/v2\/posts\/27192\/revisions"}],"predecessor-version":[{"id":27195,"href":"https:\/\/kurdch.tv\/index.php?rest_route=\/wp\/v2\/posts\/27192\/revisions\/27195"}],"wp:featuredmedia":[{"embeddable":true,"href":"https:\/\/kurdch.tv\/index.php?rest_route=\/wp\/v2\/media\/27193"}],"wp:attachment":[{"href":"https:\/\/kurdch.tv\/index.php?rest_route=%2Fwp%2Fv2%2Fmedia&parent=27192"}],"wp:term":[{"taxonomy":"category","embeddable":true,"href":"https:\/\/kurdch.tv\/index.php?rest_route=%2Fwp%2Fv2%2Fcategories&post=27192"},{"taxonomy":"post_tag","embeddable":true,"href":"https:\/\/kurdch.tv\/index.php?rest_route=%2Fwp%2Fv2%2Ftags&post=27192"}],"curies":[{"name":"wp","href":"https:\/\/api.w.org\/{rel}","templated":true}]}}