{"id":31964,"date":"2023-07-10T23:34:07","date_gmt":"2023-07-10T21:34:07","guid":{"rendered":"https:\/\/kurdch.tv\/?p=31964"},"modified":"2023-07-10T23:34:08","modified_gmt":"2023-07-10T21:34:08","slug":"dekomentari-irana-dahati-ji-titina-dr-qasimlo-ve","status":"publish","type":"post","link":"https:\/\/kurdch.tv\/?p=31964","title":{"rendered":"Dekom\u00eantar\u00ee: &#8220;\u00cerana dahat\u00ee ji t\u00eetina Dr. Qasimlo ve&#8221;"},"content":{"rendered":"\n<iframe loading=\"lazy\" src=\"https:\/\/drive.google.com\/file\/d\/1OvJurFkFUaE-VNZipWW2k2A294cQA6iq\/preview\" width=\"720\" height=\"480\" allow=\"autoplay\"><\/iframe>\n\n\n\n<p><\/p>\n\n\n\n<p>M\u00eevan\u00ean bernam\u00ea:<\/p>\n\n\n\n<p>T\u00eaym\u00fbr Mistefay\u00ee, Endam\u00ea R\u00eaberiya PDK\u00ce<\/p>\n\n\n\n<p><a><\/a>Kemal Ker\u00eem\u00ee, Endam\u00ea Navenda bir\u00eaveberiya PDK<\/p>\n","protected":false},"excerpt":{"rendered":"<p>M\u00eevan\u00ean bernam\u00ea: T\u00eaym\u00fbr Mistefay\u00ee, Endam\u00ea R\u00eaberiya PDK\u00ce Kemal Ker\u00eem\u00ee, Endam\u00ea Navenda bir\u00eaveberiya PDK<\/p>\n","protected":false},"author":3,"featured_media":31965,"comment_status":"open","ping_status":"open","sticky":false,"template":"","format":"standard","meta":{"footnotes":""},"categories":[170],"tags":[],"class_list":["post-31964","post","type-post","status-publish","format-standard","has-post-thumbnail","hentry","category-170"],"_links":{"self":[{"href":"https:\/\/kurdch.tv\/index.php?rest_route=\/wp\/v2\/posts\/31964","targetHints":{"allow":["GET"]}}],"collection":[{"href":"https:\/\/kurdch.tv\/index.php?rest_route=\/wp\/v2\/posts"}],"about":[{"href":"https:\/\/kurdch.tv\/index.php?rest_route=\/wp\/v2\/types\/post"}],"author":[{"embeddable":true,"href":"https:\/\/kurdch.tv\/index.php?rest_route=\/wp\/v2\/users\/3"}],"replies":[{"embeddable":true,"href":"https:\/\/kurdch.tv\/index.php?rest_route=%2Fwp%2Fv2%2Fcomments&post=31964"}],"version-history":[{"count":1,"href":"https:\/\/kurdch.tv\/index.php?rest_route=\/wp\/v2\/posts\/31964\/revisions"}],"predecessor-version":[{"id":31967,"href":"https:\/\/kurdch.tv\/index.php?rest_route=\/wp\/v2\/posts\/31964\/revisions\/31967"}],"wp:featuredmedia":[{"embeddable":true,"href":"https:\/\/kurdch.tv\/index.php?rest_route=\/wp\/v2\/media\/31965"}],"wp:attachment":[{"href":"https:\/\/kurdch.tv\/index.php?rest_route=%2Fwp%2Fv2%2Fmedia&parent=31964"}],"wp:term":[{"taxonomy":"category","embeddable":true,"href":"https:\/\/kurdch.tv\/index.php?rest_route=%2Fwp%2Fv2%2Fcategories&post=31964"},{"taxonomy":"post_tag","embeddable":true,"href":"https:\/\/kurdch.tv\/index.php?rest_route=%2Fwp%2Fv2%2Ftags&post=31964"}],"curies":[{"name":"wp","href":"https:\/\/api.w.org\/{rel}","templated":true}]}}