{"id":35266,"date":"2023-10-18T23:06:52","date_gmt":"2023-10-18T21:06:52","guid":{"rendered":"https:\/\/kurdch.tv\/?p=35266"},"modified":"2023-10-18T23:06:54","modified_gmt":"2023-10-18T21:06:54","slug":"rojev-mijar-rejima-irane-cima-li-cehda-berfirehtir-kirina-sere-hemas-u-israil-de-ye","status":"publish","type":"post","link":"https:\/\/kurdch.tv\/?p=35266","title":{"rendered":"Rojev &#8211; Mijar &#8211; Rej\u00eema \u00ceran\u00ea \u00e7ima li cehda berfirehtir kirina \u015fer\u00ea Hemas \u00fb \u00cesra\u00eel de ye?"},"content":{"rendered":"\n<iframe loading=\"lazy\" src=\"https:\/\/drive.google.com\/file\/d\/1B_4mVJfBxYjuV7HRetcdpgzuXs_StdMu\/preview\" width=\"720\" height=\"480\" allow=\"autoplay\"><\/iframe>\n\n\n\n<p><\/p>\n\n\n\n<p>M\u00eevan &#8211; Sid\u00eeq Derw\u00ea\u015f\u00ee\u060c Kadr\u00ea siyasiye PDK\u00ce<\/p>\n","protected":false},"excerpt":{"rendered":"<p>M\u00eevan &#8211; Sid\u00eeq Derw\u00ea\u015f\u00ee\u060c Kadr\u00ea siyasiye PDK\u00ce<\/p>\n","protected":false},"author":3,"featured_media":35267,"comment_status":"open","ping_status":"open","sticky":false,"template":"","format":"standard","meta":{"footnotes":""},"categories":[4177],"tags":[],"class_list":["post-35266","post","type-post","status-publish","format-standard","has-post-thumbnail","hentry","category-4177"],"_links":{"self":[{"href":"https:\/\/kurdch.tv\/index.php?rest_route=\/wp\/v2\/posts\/35266","targetHints":{"allow":["GET"]}}],"collection":[{"href":"https:\/\/kurdch.tv\/index.php?rest_route=\/wp\/v2\/posts"}],"about":[{"href":"https:\/\/kurdch.tv\/index.php?rest_route=\/wp\/v2\/types\/post"}],"author":[{"embeddable":true,"href":"https:\/\/kurdch.tv\/index.php?rest_route=\/wp\/v2\/users\/3"}],"replies":[{"embeddable":true,"href":"https:\/\/kurdch.tv\/index.php?rest_route=%2Fwp%2Fv2%2Fcomments&post=35266"}],"version-history":[{"count":1,"href":"https:\/\/kurdch.tv\/index.php?rest_route=\/wp\/v2\/posts\/35266\/revisions"}],"predecessor-version":[{"id":35269,"href":"https:\/\/kurdch.tv\/index.php?rest_route=\/wp\/v2\/posts\/35266\/revisions\/35269"}],"wp:featuredmedia":[{"embeddable":true,"href":"https:\/\/kurdch.tv\/index.php?rest_route=\/wp\/v2\/media\/35267"}],"wp:attachment":[{"href":"https:\/\/kurdch.tv\/index.php?rest_route=%2Fwp%2Fv2%2Fmedia&parent=35266"}],"wp:term":[{"taxonomy":"category","embeddable":true,"href":"https:\/\/kurdch.tv\/index.php?rest_route=%2Fwp%2Fv2%2Fcategories&post=35266"},{"taxonomy":"post_tag","embeddable":true,"href":"https:\/\/kurdch.tv\/index.php?rest_route=%2Fwp%2Fv2%2Ftags&post=35266"}],"curies":[{"name":"wp","href":"https:\/\/api.w.org\/{rel}","templated":true}]}}