{"id":35431,"date":"2023-10-25T23:30:00","date_gmt":"2023-10-25T21:30:00","guid":{"rendered":"https:\/\/kurdch.tv\/?p=35431"},"modified":"2023-10-26T00:47:36","modified_gmt":"2023-10-25T22:47:36","slug":"rojev-mijar-agir-xweskirina-ser-ji-aliye-rejima-irane-u-egera-bertek-u-bersiva-ji-aliye-welatan-ve","status":"publish","type":"post","link":"https:\/\/kurdch.tv\/?p=35431","title":{"rendered":"Rojev &#8211; Mijar &#8211; Agir xwe\u015fkirina \u015fer ji aliy\u00ea rej\u00eema \u00ceran\u00ea \u00fb egera bertek \u00fb bersiva ji aliy\u00ea welatan ve"},"content":{"rendered":"\n<iframe loading=\"lazy\" src=\"https:\/\/drive.google.com\/file\/d\/1JRxPcgYzezgAsxV6USIgoues2rvh4wSf\/preview\" width=\"720\" height=\"480\" allow=\"autoplay\"><\/iframe>\n\n\n\n<p><\/p>\n\n\n\n<p>M\u00eevan &#8211; Rostem Cihang\u00eer\u00ee, Berpirs\u00ea Navenda \u00c7aved\u00eariya PDK\u00ce<\/p>\n","protected":false},"excerpt":{"rendered":"<p>M\u00eevan &#8211; Rostem Cihang\u00eer\u00ee, Berpirs\u00ea Navenda \u00c7aved\u00eariya PDK\u00ce<\/p>\n","protected":false},"author":3,"featured_media":35432,"comment_status":"open","ping_status":"open","sticky":false,"template":"","format":"standard","meta":{"footnotes":""},"categories":[4177],"tags":[],"class_list":["post-35431","post","type-post","status-publish","format-standard","has-post-thumbnail","hentry","category-4177"],"_links":{"self":[{"href":"https:\/\/kurdch.tv\/index.php?rest_route=\/wp\/v2\/posts\/35431","targetHints":{"allow":["GET"]}}],"collection":[{"href":"https:\/\/kurdch.tv\/index.php?rest_route=\/wp\/v2\/posts"}],"about":[{"href":"https:\/\/kurdch.tv\/index.php?rest_route=\/wp\/v2\/types\/post"}],"author":[{"embeddable":true,"href":"https:\/\/kurdch.tv\/index.php?rest_route=\/wp\/v2\/users\/3"}],"replies":[{"embeddable":true,"href":"https:\/\/kurdch.tv\/index.php?rest_route=%2Fwp%2Fv2%2Fcomments&post=35431"}],"version-history":[{"count":1,"href":"https:\/\/kurdch.tv\/index.php?rest_route=\/wp\/v2\/posts\/35431\/revisions"}],"predecessor-version":[{"id":35434,"href":"https:\/\/kurdch.tv\/index.php?rest_route=\/wp\/v2\/posts\/35431\/revisions\/35434"}],"wp:featuredmedia":[{"embeddable":true,"href":"https:\/\/kurdch.tv\/index.php?rest_route=\/wp\/v2\/media\/35432"}],"wp:attachment":[{"href":"https:\/\/kurdch.tv\/index.php?rest_route=%2Fwp%2Fv2%2Fmedia&parent=35431"}],"wp:term":[{"taxonomy":"category","embeddable":true,"href":"https:\/\/kurdch.tv\/index.php?rest_route=%2Fwp%2Fv2%2Fcategories&post=35431"},{"taxonomy":"post_tag","embeddable":true,"href":"https:\/\/kurdch.tv\/index.php?rest_route=%2Fwp%2Fv2%2Ftags&post=35431"}],"curies":[{"name":"wp","href":"https:\/\/api.w.org\/{rel}","templated":true}]}}