{"id":36783,"date":"2023-12-16T23:13:42","date_gmt":"2023-12-16T22:13:42","guid":{"rendered":"https:\/\/kurdch.tv\/?p=36783"},"modified":"2023-12-16T23:13:44","modified_gmt":"2023-12-16T22:13:44","slug":"rojev-mijar-givasen-rejime-bo-ser-glee-beluc-u-dawi-rewsa-belucistane","status":"publish","type":"post","link":"https:\/\/kurdch.tv\/?p=36783","title":{"rendered":"Rojev &#8211; Mijar &#8211; Giva\u015f\u00ean rej\u00eem\u00ea bo ser gle\u00ea Bel\u00fb\u00e7 \u00fb daw\u00ee rew\u015fa Bel\u00fb\u00e7istan\u00ea"},"content":{"rendered":"\n<iframe loading=\"lazy\" src=\"https:\/\/drive.google.com\/file\/d\/1T9Sf-mQRWnI0GHUj0z8wKGYpj6AV-f4C\/preview\" width=\"720\" height=\"480\" allow=\"autoplay\"><\/iframe>\n\n\n\n<p>M\u00eevan &#8211; Hesen Waj\u00ee\u060c Kadr\u00ea siyas\u00ee \u00ea PDK\u00ce<\/p>\n","protected":false},"excerpt":{"rendered":"<p>M\u00eevan &#8211; Hesen Waj\u00ee\u060c Kadr\u00ea siyas\u00ee \u00ea PDK\u00ce<\/p>\n","protected":false},"author":3,"featured_media":36784,"comment_status":"open","ping_status":"open","sticky":false,"template":"","format":"standard","meta":{"footnotes":""},"categories":[4177],"tags":[],"class_list":["post-36783","post","type-post","status-publish","format-standard","has-post-thumbnail","hentry","category-4177"],"_links":{"self":[{"href":"https:\/\/kurdch.tv\/index.php?rest_route=\/wp\/v2\/posts\/36783","targetHints":{"allow":["GET"]}}],"collection":[{"href":"https:\/\/kurdch.tv\/index.php?rest_route=\/wp\/v2\/posts"}],"about":[{"href":"https:\/\/kurdch.tv\/index.php?rest_route=\/wp\/v2\/types\/post"}],"author":[{"embeddable":true,"href":"https:\/\/kurdch.tv\/index.php?rest_route=\/wp\/v2\/users\/3"}],"replies":[{"embeddable":true,"href":"https:\/\/kurdch.tv\/index.php?rest_route=%2Fwp%2Fv2%2Fcomments&post=36783"}],"version-history":[{"count":1,"href":"https:\/\/kurdch.tv\/index.php?rest_route=\/wp\/v2\/posts\/36783\/revisions"}],"predecessor-version":[{"id":36786,"href":"https:\/\/kurdch.tv\/index.php?rest_route=\/wp\/v2\/posts\/36783\/revisions\/36786"}],"wp:featuredmedia":[{"embeddable":true,"href":"https:\/\/kurdch.tv\/index.php?rest_route=\/wp\/v2\/media\/36784"}],"wp:attachment":[{"href":"https:\/\/kurdch.tv\/index.php?rest_route=%2Fwp%2Fv2%2Fmedia&parent=36783"}],"wp:term":[{"taxonomy":"category","embeddable":true,"href":"https:\/\/kurdch.tv\/index.php?rest_route=%2Fwp%2Fv2%2Fcategories&post=36783"},{"taxonomy":"post_tag","embeddable":true,"href":"https:\/\/kurdch.tv\/index.php?rest_route=%2Fwp%2Fv2%2Ftags&post=36783"}],"curies":[{"name":"wp","href":"https:\/\/api.w.org\/{rel}","templated":true}]}}