{"id":38246,"date":"2024-02-07T22:00:26","date_gmt":"2024-02-07T21:00:26","guid":{"rendered":"https:\/\/kurdch.tv\/?p=38246"},"modified":"2024-02-07T22:00:28","modified_gmt":"2024-02-07T21:00:28","slug":"rojev-mijar-hilbijartina-saredaiyan-li-bakure-kurdistane-u-tirkiye-banga-yekitiya-partiyen-kurdi","status":"publish","type":"post","link":"https:\/\/kurdch.tv\/?p=38246","title":{"rendered":"Rojev &#8211; Mijar &#8211; Hilbijartina \u015earedaiyan li Bak\u00fbr\u00ea Kurdistan\u00ea \u00fb Tirkiy\u00ea, banga yek\u00eetiya partiy\u00ean Kurd\u00ee"},"content":{"rendered":"\n<iframe loading=\"lazy\" src=\"https:\/\/drive.google.com\/file\/d\/19p8787h7Gk_QOSDjN9UQpGsqZ7EO8xkA\/preview\" width=\"720\" height=\"480\" allow=\"autoplay\"><\/iframe>\n\n\n\n<p><\/p>\n\n\n\n<p>M\u00eevan &#8211; Mistefa \u00d6z\u00e7el\u00eek, Serok\u00ea Gi\u015ft\u00ee y\u00ea Patiya Welatpar\u00eaz\u00ean Kurdistan\u00ea<\/p>\n","protected":false},"excerpt":{"rendered":"<p>M\u00eevan &#8211; Mistefa \u00d6z\u00e7el\u00eek, Serok\u00ea Gi\u015ft\u00ee y\u00ea Patiya Welatpar\u00eaz\u00ean Kurdistan\u00ea<\/p>\n","protected":false},"author":3,"featured_media":38247,"comment_status":"open","ping_status":"open","sticky":false,"template":"","format":"standard","meta":{"footnotes":""},"categories":[4177],"tags":[],"class_list":["post-38246","post","type-post","status-publish","format-standard","has-post-thumbnail","hentry","category-4177"],"_links":{"self":[{"href":"https:\/\/kurdch.tv\/index.php?rest_route=\/wp\/v2\/posts\/38246","targetHints":{"allow":["GET"]}}],"collection":[{"href":"https:\/\/kurdch.tv\/index.php?rest_route=\/wp\/v2\/posts"}],"about":[{"href":"https:\/\/kurdch.tv\/index.php?rest_route=\/wp\/v2\/types\/post"}],"author":[{"embeddable":true,"href":"https:\/\/kurdch.tv\/index.php?rest_route=\/wp\/v2\/users\/3"}],"replies":[{"embeddable":true,"href":"https:\/\/kurdch.tv\/index.php?rest_route=%2Fwp%2Fv2%2Fcomments&post=38246"}],"version-history":[{"count":1,"href":"https:\/\/kurdch.tv\/index.php?rest_route=\/wp\/v2\/posts\/38246\/revisions"}],"predecessor-version":[{"id":38249,"href":"https:\/\/kurdch.tv\/index.php?rest_route=\/wp\/v2\/posts\/38246\/revisions\/38249"}],"wp:featuredmedia":[{"embeddable":true,"href":"https:\/\/kurdch.tv\/index.php?rest_route=\/wp\/v2\/media\/38247"}],"wp:attachment":[{"href":"https:\/\/kurdch.tv\/index.php?rest_route=%2Fwp%2Fv2%2Fmedia&parent=38246"}],"wp:term":[{"taxonomy":"category","embeddable":true,"href":"https:\/\/kurdch.tv\/index.php?rest_route=%2Fwp%2Fv2%2Fcategories&post=38246"},{"taxonomy":"post_tag","embeddable":true,"href":"https:\/\/kurdch.tv\/index.php?rest_route=%2Fwp%2Fv2%2Ftags&post=38246"}],"curies":[{"name":"wp","href":"https:\/\/api.w.org\/{rel}","templated":true}]}}