{"id":38729,"date":"2024-02-22T23:50:19","date_gmt":"2024-02-22T22:50:19","guid":{"rendered":"https:\/\/kurdch.tv\/?p=38729"},"modified":"2024-02-22T23:50:21","modified_gmt":"2024-02-22T22:50:21","slug":"rojev-mijar-rejim-bo-besdarikirina-xelke-li-hilbijartine-de-heware-bo-gefen-oli-dibe","status":"publish","type":"post","link":"https:\/\/kurdch.tv\/?p=38729","title":{"rendered":"Rojev &#8211; Mijar &#8211; R\u00eaj\u00eem bo be\u015fdar\u00eekirina xelk\u00ea li hilbijartin\u00ea de, hewar\u00ea bo gef\u00ean ol\u00ee dibe"},"content":{"rendered":"\n<iframe loading=\"lazy\" src=\"https:\/\/drive.google.com\/file\/d\/1auIDQs1OjwKBKMxg5a2BcGwbBb9iAJ8R\/preview\" width=\"720\" height=\"480\" allow=\"autoplay\"><\/iframe>\n\n\n\n<p><\/p>\n\n\n\n<p>M\u00eevan &#8211; Mamosta El\u00ee S\u00ealaw\u060cEndam\u00ea Y\u00eakitiya Zanay\u00ean Ay\u00eeniye Kurdistana \u00ceran\u00ea<\/p>\n\n\n\n<p><\/p>\n","protected":false},"excerpt":{"rendered":"<p>M\u00eevan &#8211; Mamosta El\u00ee S\u00ealaw\u060cEndam\u00ea Y\u00eakitiya Zanay\u00ean Ay\u00eeniye Kurdistana \u00ceran\u00ea<\/p>\n","protected":false},"author":3,"featured_media":38730,"comment_status":"open","ping_status":"open","sticky":false,"template":"","format":"standard","meta":{"footnotes":""},"categories":[4177],"tags":[],"class_list":["post-38729","post","type-post","status-publish","format-standard","has-post-thumbnail","hentry","category-4177"],"_links":{"self":[{"href":"https:\/\/kurdch.tv\/index.php?rest_route=\/wp\/v2\/posts\/38729","targetHints":{"allow":["GET"]}}],"collection":[{"href":"https:\/\/kurdch.tv\/index.php?rest_route=\/wp\/v2\/posts"}],"about":[{"href":"https:\/\/kurdch.tv\/index.php?rest_route=\/wp\/v2\/types\/post"}],"author":[{"embeddable":true,"href":"https:\/\/kurdch.tv\/index.php?rest_route=\/wp\/v2\/users\/3"}],"replies":[{"embeddable":true,"href":"https:\/\/kurdch.tv\/index.php?rest_route=%2Fwp%2Fv2%2Fcomments&post=38729"}],"version-history":[{"count":1,"href":"https:\/\/kurdch.tv\/index.php?rest_route=\/wp\/v2\/posts\/38729\/revisions"}],"predecessor-version":[{"id":38732,"href":"https:\/\/kurdch.tv\/index.php?rest_route=\/wp\/v2\/posts\/38729\/revisions\/38732"}],"wp:featuredmedia":[{"embeddable":true,"href":"https:\/\/kurdch.tv\/index.php?rest_route=\/wp\/v2\/media\/38730"}],"wp:attachment":[{"href":"https:\/\/kurdch.tv\/index.php?rest_route=%2Fwp%2Fv2%2Fmedia&parent=38729"}],"wp:term":[{"taxonomy":"category","embeddable":true,"href":"https:\/\/kurdch.tv\/index.php?rest_route=%2Fwp%2Fv2%2Fcategories&post=38729"},{"taxonomy":"post_tag","embeddable":true,"href":"https:\/\/kurdch.tv\/index.php?rest_route=%2Fwp%2Fv2%2Ftags&post=38729"}],"curies":[{"name":"wp","href":"https:\/\/api.w.org\/{rel}","templated":true}]}}