{"id":39291,"date":"2024-03-09T19:39:57","date_gmt":"2024-03-09T18:39:57","guid":{"rendered":"https:\/\/kurdch.tv\/?p=39291"},"modified":"2024-03-09T19:39:59","modified_gmt":"2024-03-09T18:39:59","slug":"rojev-mijar-rapora-kumita-derexistina-rastiyan-li-ser-cinayeten-rejima-irane-li-diji-xwenisanderen-sorisa-jina-ye","status":"publish","type":"post","link":"https:\/\/kurdch.tv\/?p=39291","title":{"rendered":"Rojev &#8211; Mijar &#8211; Rapora Kum\u00eeta der\u00eaxistina rastiyan li ser cinayet\u00ean r\u00eaj\u00eema \u00ceran\u00ea li dij\u00ee xwen\u00ee\u015fander\u00ean \u015fori\u015fa J\u00eena y\u00ea"},"content":{"rendered":"\n<iframe loading=\"lazy\" src=\"https:\/\/drive.google.com\/file\/d\/1rHt9aNhWpVAZOsm1Syp_bQBVYlt2_r-q\/preview\" width=\"720\" height=\"480\" allow=\"autoplay\"><\/iframe>\n\n\n\n<p>Rojev &#8211; Mijar &#8211; Rapora Kum\u00eeta der\u00eaxistina rastiyan li ser cinayet\u00ean r\u00eaj\u00eema \u00ceran\u00ea li dij\u00ee xwen\u00ee\u015fander\u00ean \u015fori\u015fa J\u00eena y\u00ea<\/p>\n\n\n\n<p>M\u00eevan &#8211; \u015eahrox Hesenzade\u060c Berpirs\u00ea r\u00eakxistina maf\u00ea mirov\u00ee bo Rojhilat\u00ea Kurdistan\u00ea<\/p>\n","protected":false},"excerpt":{"rendered":"<p>Rojev &#8211; Mijar &#8211; Rapora Kum\u00eeta der\u00eaxistina rastiyan li ser cinayet\u00ean r\u00eaj\u00eema \u00ceran\u00ea li dij\u00ee xwen\u00ee\u015fander\u00ean \u015fori\u015fa J\u00eena y\u00ea M\u00eevan &#8211; \u015eahrox Hesenzade\u060c Berpirs\u00ea r\u00eakxistina maf\u00ea mirov\u00ee bo Rojhilat\u00ea Kurdistan\u00ea<\/p>\n","protected":false},"author":3,"featured_media":39292,"comment_status":"open","ping_status":"open","sticky":false,"template":"","format":"standard","meta":{"footnotes":""},"categories":[4177],"tags":[],"class_list":["post-39291","post","type-post","status-publish","format-standard","has-post-thumbnail","hentry","category-4177"],"_links":{"self":[{"href":"https:\/\/kurdch.tv\/index.php?rest_route=\/wp\/v2\/posts\/39291","targetHints":{"allow":["GET"]}}],"collection":[{"href":"https:\/\/kurdch.tv\/index.php?rest_route=\/wp\/v2\/posts"}],"about":[{"href":"https:\/\/kurdch.tv\/index.php?rest_route=\/wp\/v2\/types\/post"}],"author":[{"embeddable":true,"href":"https:\/\/kurdch.tv\/index.php?rest_route=\/wp\/v2\/users\/3"}],"replies":[{"embeddable":true,"href":"https:\/\/kurdch.tv\/index.php?rest_route=%2Fwp%2Fv2%2Fcomments&post=39291"}],"version-history":[{"count":1,"href":"https:\/\/kurdch.tv\/index.php?rest_route=\/wp\/v2\/posts\/39291\/revisions"}],"predecessor-version":[{"id":39294,"href":"https:\/\/kurdch.tv\/index.php?rest_route=\/wp\/v2\/posts\/39291\/revisions\/39294"}],"wp:featuredmedia":[{"embeddable":true,"href":"https:\/\/kurdch.tv\/index.php?rest_route=\/wp\/v2\/media\/39292"}],"wp:attachment":[{"href":"https:\/\/kurdch.tv\/index.php?rest_route=%2Fwp%2Fv2%2Fmedia&parent=39291"}],"wp:term":[{"taxonomy":"category","embeddable":true,"href":"https:\/\/kurdch.tv\/index.php?rest_route=%2Fwp%2Fv2%2Fcategories&post=39291"},{"taxonomy":"post_tag","embeddable":true,"href":"https:\/\/kurdch.tv\/index.php?rest_route=%2Fwp%2Fv2%2Ftags&post=39291"}],"curies":[{"name":"wp","href":"https:\/\/api.w.org\/{rel}","templated":true}]}}