{"id":40149,"date":"2024-03-30T22:16:00","date_gmt":"2024-03-30T21:16:00","guid":{"rendered":"https:\/\/kurdch.tv\/?p=40149"},"modified":"2024-03-31T03:18:11","modified_gmt":"2024-03-31T01:18:11","slug":"rojev-mijar-yade-sehiden-kurdistane-bilind-hate-bi-biranin","status":"publish","type":"post","link":"https:\/\/kurdch.tv\/?p=40149","title":{"rendered":"Rojev &#8211; Mijar &#8211; Yad\u00ea \u015eeh\u00eed\u00ean Kurdistan\u00ea bilind hate bi b\u00eeran\u00een"},"content":{"rendered":"\n<iframe loading=\"lazy\" src=\"https:\/\/drive.google.com\/file\/d\/1vQfPlM2JGkRKl3OSilI99J98IPKCCP3g\/preview\" width=\"720\" height=\"480\" allow=\"autoplay\"><\/iframe>\n\n\n\n<p><\/p>\n\n\n\n<p>M\u00eevan &#8211; Tahir Mehm\u00fbd\u00ee\u060c Endam\u00ea R\u00eaberia PDK\u00ce<\/p>\n","protected":false},"excerpt":{"rendered":"<p>M\u00eevan &#8211; Tahir Mehm\u00fbd\u00ee\u060c Endam\u00ea R\u00eaberia PDK\u00ce<\/p>\n","protected":false},"author":3,"featured_media":40150,"comment_status":"open","ping_status":"open","sticky":false,"template":"","format":"standard","meta":{"footnotes":""},"categories":[4177],"tags":[],"class_list":["post-40149","post","type-post","status-publish","format-standard","has-post-thumbnail","hentry","category-4177"],"_links":{"self":[{"href":"https:\/\/kurdch.tv\/index.php?rest_route=\/wp\/v2\/posts\/40149","targetHints":{"allow":["GET"]}}],"collection":[{"href":"https:\/\/kurdch.tv\/index.php?rest_route=\/wp\/v2\/posts"}],"about":[{"href":"https:\/\/kurdch.tv\/index.php?rest_route=\/wp\/v2\/types\/post"}],"author":[{"embeddable":true,"href":"https:\/\/kurdch.tv\/index.php?rest_route=\/wp\/v2\/users\/3"}],"replies":[{"embeddable":true,"href":"https:\/\/kurdch.tv\/index.php?rest_route=%2Fwp%2Fv2%2Fcomments&post=40149"}],"version-history":[{"count":1,"href":"https:\/\/kurdch.tv\/index.php?rest_route=\/wp\/v2\/posts\/40149\/revisions"}],"predecessor-version":[{"id":40152,"href":"https:\/\/kurdch.tv\/index.php?rest_route=\/wp\/v2\/posts\/40149\/revisions\/40152"}],"wp:featuredmedia":[{"embeddable":true,"href":"https:\/\/kurdch.tv\/index.php?rest_route=\/wp\/v2\/media\/40150"}],"wp:attachment":[{"href":"https:\/\/kurdch.tv\/index.php?rest_route=%2Fwp%2Fv2%2Fmedia&parent=40149"}],"wp:term":[{"taxonomy":"category","embeddable":true,"href":"https:\/\/kurdch.tv\/index.php?rest_route=%2Fwp%2Fv2%2Fcategories&post=40149"},{"taxonomy":"post_tag","embeddable":true,"href":"https:\/\/kurdch.tv\/index.php?rest_route=%2Fwp%2Fv2%2Ftags&post=40149"}],"curies":[{"name":"wp","href":"https:\/\/api.w.org\/{rel}","templated":true}]}}