{"id":40637,"date":"2024-04-17T23:22:00","date_gmt":"2024-04-17T21:22:00","guid":{"rendered":"https:\/\/kurdch.tv\/?p=40637"},"modified":"2024-04-18T00:24:30","modified_gmt":"2024-04-17T22:24:30","slug":"rojev-mijar-lekevt-u-guhertinen-bi-sedema-sere-di-navbera-iran-u-israil","status":"publish","type":"post","link":"https:\/\/kurdch.tv\/?p=40637","title":{"rendered":"Rojev &#8211; Mijar &#8211; L\u00eakevt \u00fb guhertin\u00ean bi sedema \u015fer\u00ea di navbera \u00ceran \u00fb \u00cesra\u00eel"},"content":{"rendered":"\n<iframe loading=\"lazy\" src=\"https:\/\/drive.google.com\/file\/d\/1AGsSXJGZjiVU9eIu5PQn7ZxpCuEPMPe6\/preview\" width=\"720\" height=\"480\" allow=\"autoplay\"><\/iframe>\n\n\n\n<p><\/p>\n\n\n\n<p>M\u00eevan &#8211; Ker\u00eem Perw\u00eez\u00ee\u060c Endam\u00ea R\u00eaberiya PDK\u00ce<\/p>\n","protected":false},"excerpt":{"rendered":"<p>M\u00eevan &#8211; Ker\u00eem Perw\u00eez\u00ee\u060c Endam\u00ea R\u00eaberiya PDK\u00ce<\/p>\n","protected":false},"author":3,"featured_media":40639,"comment_status":"open","ping_status":"open","sticky":false,"template":"","format":"standard","meta":{"footnotes":""},"categories":[4177],"tags":[],"class_list":["post-40637","post","type-post","status-publish","format-standard","has-post-thumbnail","hentry","category-4177"],"_links":{"self":[{"href":"https:\/\/kurdch.tv\/index.php?rest_route=\/wp\/v2\/posts\/40637","targetHints":{"allow":["GET"]}}],"collection":[{"href":"https:\/\/kurdch.tv\/index.php?rest_route=\/wp\/v2\/posts"}],"about":[{"href":"https:\/\/kurdch.tv\/index.php?rest_route=\/wp\/v2\/types\/post"}],"author":[{"embeddable":true,"href":"https:\/\/kurdch.tv\/index.php?rest_route=\/wp\/v2\/users\/3"}],"replies":[{"embeddable":true,"href":"https:\/\/kurdch.tv\/index.php?rest_route=%2Fwp%2Fv2%2Fcomments&post=40637"}],"version-history":[{"count":1,"href":"https:\/\/kurdch.tv\/index.php?rest_route=\/wp\/v2\/posts\/40637\/revisions"}],"predecessor-version":[{"id":40640,"href":"https:\/\/kurdch.tv\/index.php?rest_route=\/wp\/v2\/posts\/40637\/revisions\/40640"}],"wp:featuredmedia":[{"embeddable":true,"href":"https:\/\/kurdch.tv\/index.php?rest_route=\/wp\/v2\/media\/40639"}],"wp:attachment":[{"href":"https:\/\/kurdch.tv\/index.php?rest_route=%2Fwp%2Fv2%2Fmedia&parent=40637"}],"wp:term":[{"taxonomy":"category","embeddable":true,"href":"https:\/\/kurdch.tv\/index.php?rest_route=%2Fwp%2Fv2%2Fcategories&post=40637"},{"taxonomy":"post_tag","embeddable":true,"href":"https:\/\/kurdch.tv\/index.php?rest_route=%2Fwp%2Fv2%2Ftags&post=40637"}],"curies":[{"name":"wp","href":"https:\/\/api.w.org\/{rel}","templated":true}]}}