{"id":40863,"date":"2024-04-27T23:30:51","date_gmt":"2024-04-27T21:30:51","guid":{"rendered":"https:\/\/kurdch.tv\/?p=40863"},"modified":"2024-04-27T23:30:53","modified_gmt":"2024-04-27T21:30:53","slug":"rojev-mijar-sepandina-hikme-sedaredane-bi-ser-tumac-salihi-u-berteken-li-hember-de","status":"publish","type":"post","link":"https:\/\/kurdch.tv\/?p=40863","title":{"rendered":"Rojev &#8211; Mijar &#8211; Sepandina hikm\u00ea s\u00eadaredan\u00ea bi ser T\u00fbmac Salih\u00ee \u00fb bertek\u00ean li hember de"},"content":{"rendered":"\n<iframe loading=\"lazy\" src=\"https:\/\/drive.google.com\/file\/d\/1VTAnVBQXHh6ASTutvZL8C62lMnmBUERf\/preview\" width=\"720\" height=\"480\" allow=\"autoplay\"><\/iframe>\n\n\n\n<p><\/p>\n\n\n\n<p>M\u00eevan &#8211; B\u00eahzad Qadir\u00ee\u060c Kadr\u00ea siyasiye PDK\u00ce<\/p>\n","protected":false},"excerpt":{"rendered":"<p>M\u00eevan &#8211; B\u00eahzad Qadir\u00ee\u060c Kadr\u00ea siyasiye PDK\u00ce<\/p>\n","protected":false},"author":3,"featured_media":40864,"comment_status":"open","ping_status":"open","sticky":false,"template":"","format":"standard","meta":{"footnotes":""},"categories":[4177],"tags":[],"class_list":["post-40863","post","type-post","status-publish","format-standard","has-post-thumbnail","hentry","category-4177"],"_links":{"self":[{"href":"https:\/\/kurdch.tv\/index.php?rest_route=\/wp\/v2\/posts\/40863","targetHints":{"allow":["GET"]}}],"collection":[{"href":"https:\/\/kurdch.tv\/index.php?rest_route=\/wp\/v2\/posts"}],"about":[{"href":"https:\/\/kurdch.tv\/index.php?rest_route=\/wp\/v2\/types\/post"}],"author":[{"embeddable":true,"href":"https:\/\/kurdch.tv\/index.php?rest_route=\/wp\/v2\/users\/3"}],"replies":[{"embeddable":true,"href":"https:\/\/kurdch.tv\/index.php?rest_route=%2Fwp%2Fv2%2Fcomments&post=40863"}],"version-history":[{"count":1,"href":"https:\/\/kurdch.tv\/index.php?rest_route=\/wp\/v2\/posts\/40863\/revisions"}],"predecessor-version":[{"id":40866,"href":"https:\/\/kurdch.tv\/index.php?rest_route=\/wp\/v2\/posts\/40863\/revisions\/40866"}],"wp:featuredmedia":[{"embeddable":true,"href":"https:\/\/kurdch.tv\/index.php?rest_route=\/wp\/v2\/media\/40864"}],"wp:attachment":[{"href":"https:\/\/kurdch.tv\/index.php?rest_route=%2Fwp%2Fv2%2Fmedia&parent=40863"}],"wp:term":[{"taxonomy":"category","embeddable":true,"href":"https:\/\/kurdch.tv\/index.php?rest_route=%2Fwp%2Fv2%2Fcategories&post=40863"},{"taxonomy":"post_tag","embeddable":true,"href":"https:\/\/kurdch.tv\/index.php?rest_route=%2Fwp%2Fv2%2Ftags&post=40863"}],"curies":[{"name":"wp","href":"https:\/\/api.w.org\/{rel}","templated":true}]}}