{"id":54157,"date":"2025-08-17T22:44:00","date_gmt":"2025-08-17T20:44:00","guid":{"rendered":"https:\/\/kurdch.tv\/?p=54157"},"modified":"2025-08-18T07:46:39","modified_gmt":"2025-08-18T05:46:39","slug":"hizba-demokrat-u-pirsa-netewi-u-hevxebati-digel-tevgeren-percen-din-en-kurdistane","status":"publish","type":"post","link":"https:\/\/kurdch.tv\/?p=54157","title":{"rendered":"Hizba D\u00eamokrat \u00fb pirsa netew\u00ee \u00fb hevxebat\u00ee digel tevg\u00ear\u00ean per\u00e7\u00ean din \u00ean Kurdistan\u00ea"},"content":{"rendered":"\n<iframe loading=\"lazy\" src=\"https:\/\/drive.google.com\/file\/d\/123mcYkQW8neukHlSheVvTqUZE4bN0ASb\/preview\" width=\"720\" height=\"480\" allow=\"autoplay\"><\/iframe>\n\n\n\n<p><\/p>\n\n\n\n<p>M\u00eevan &#8211; Mes\u00fbd Tek<\/p>\n\n\n\n<p>Siyasetmedar\u00ea naskiriye Kurd<\/p>\n","protected":false},"excerpt":{"rendered":"<p>M\u00eevan &#8211; Mes\u00fbd Tek Siyasetmedar\u00ea naskiriye Kurd<\/p>\n","protected":false},"author":3,"featured_media":54158,"comment_status":"open","ping_status":"open","sticky":false,"template":"","format":"standard","meta":{"footnotes":""},"categories":[170],"tags":[],"class_list":["post-54157","post","type-post","status-publish","format-standard","has-post-thumbnail","hentry","category-170"],"_links":{"self":[{"href":"https:\/\/kurdch.tv\/index.php?rest_route=\/wp\/v2\/posts\/54157","targetHints":{"allow":["GET"]}}],"collection":[{"href":"https:\/\/kurdch.tv\/index.php?rest_route=\/wp\/v2\/posts"}],"about":[{"href":"https:\/\/kurdch.tv\/index.php?rest_route=\/wp\/v2\/types\/post"}],"author":[{"embeddable":true,"href":"https:\/\/kurdch.tv\/index.php?rest_route=\/wp\/v2\/users\/3"}],"replies":[{"embeddable":true,"href":"https:\/\/kurdch.tv\/index.php?rest_route=%2Fwp%2Fv2%2Fcomments&post=54157"}],"version-history":[{"count":1,"href":"https:\/\/kurdch.tv\/index.php?rest_route=\/wp\/v2\/posts\/54157\/revisions"}],"predecessor-version":[{"id":54159,"href":"https:\/\/kurdch.tv\/index.php?rest_route=\/wp\/v2\/posts\/54157\/revisions\/54159"}],"wp:featuredmedia":[{"embeddable":true,"href":"https:\/\/kurdch.tv\/index.php?rest_route=\/wp\/v2\/media\/54158"}],"wp:attachment":[{"href":"https:\/\/kurdch.tv\/index.php?rest_route=%2Fwp%2Fv2%2Fmedia&parent=54157"}],"wp:term":[{"taxonomy":"category","embeddable":true,"href":"https:\/\/kurdch.tv\/index.php?rest_route=%2Fwp%2Fv2%2Fcategories&post=54157"},{"taxonomy":"post_tag","embeddable":true,"href":"https:\/\/kurdch.tv\/index.php?rest_route=%2Fwp%2Fv2%2Ftags&post=54157"}],"curies":[{"name":"wp","href":"https:\/\/api.w.org\/{rel}","templated":true}]}}