{"id":55497,"date":"2025-11-01T23:26:11","date_gmt":"2025-11-01T22:26:11","guid":{"rendered":"https:\/\/kurdch.tv\/?p=55497"},"modified":"2025-11-01T23:26:13","modified_gmt":"2025-11-01T22:26:13","slug":"rojev-mijar-sere-nava-deshilata-rejima-irane-bo-ciye","status":"publish","type":"post","link":"https:\/\/kurdch.tv\/?p=55497","title":{"rendered":"Rojev &#8211; Mijar &#8211; \u015eer\u00ea nava deshilata r\u00eaj\u00eema \u00ceran\u00ea bo \u00e7iye?"},"content":{"rendered":"\n<iframe loading=\"lazy\" src=\"https:\/\/drive.google.com\/file\/d\/1WCApViayKavkbbb-136Ym4JPydaK7Ztb\/preview\" width=\"720\n\" height=\"480\" allow=\"autoplay\"><\/iframe>\n\n\n\n<p><\/p>\n\n\n\n<p><a><\/a>M\u00eevan &#8211; Ebdula Hicab\u060c \u015eirovekar\u00ea siyas\u00ee<\/p>\n","protected":false},"excerpt":{"rendered":"<p>M\u00eevan &#8211; Ebdula Hicab\u060c \u015eirovekar\u00ea siyas\u00ee<\/p>\n","protected":false},"author":3,"featured_media":55498,"comment_status":"open","ping_status":"open","sticky":false,"template":"","format":"standard","meta":{"footnotes":""},"categories":[4177],"tags":[],"class_list":["post-55497","post","type-post","status-publish","format-standard","has-post-thumbnail","hentry","category-4177"],"_links":{"self":[{"href":"https:\/\/kurdch.tv\/index.php?rest_route=\/wp\/v2\/posts\/55497","targetHints":{"allow":["GET"]}}],"collection":[{"href":"https:\/\/kurdch.tv\/index.php?rest_route=\/wp\/v2\/posts"}],"about":[{"href":"https:\/\/kurdch.tv\/index.php?rest_route=\/wp\/v2\/types\/post"}],"author":[{"embeddable":true,"href":"https:\/\/kurdch.tv\/index.php?rest_route=\/wp\/v2\/users\/3"}],"replies":[{"embeddable":true,"href":"https:\/\/kurdch.tv\/index.php?rest_route=%2Fwp%2Fv2%2Fcomments&post=55497"}],"version-history":[{"count":1,"href":"https:\/\/kurdch.tv\/index.php?rest_route=\/wp\/v2\/posts\/55497\/revisions"}],"predecessor-version":[{"id":55499,"href":"https:\/\/kurdch.tv\/index.php?rest_route=\/wp\/v2\/posts\/55497\/revisions\/55499"}],"wp:featuredmedia":[{"embeddable":true,"href":"https:\/\/kurdch.tv\/index.php?rest_route=\/wp\/v2\/media\/55498"}],"wp:attachment":[{"href":"https:\/\/kurdch.tv\/index.php?rest_route=%2Fwp%2Fv2%2Fmedia&parent=55497"}],"wp:term":[{"taxonomy":"category","embeddable":true,"href":"https:\/\/kurdch.tv\/index.php?rest_route=%2Fwp%2Fv2%2Fcategories&post=55497"},{"taxonomy":"post_tag","embeddable":true,"href":"https:\/\/kurdch.tv\/index.php?rest_route=%2Fwp%2Fv2%2Ftags&post=55497"}],"curies":[{"name":"wp","href":"https:\/\/api.w.org\/{rel}","templated":true}]}}