{"id":55623,"date":"2025-11-10T23:18:03","date_gmt":"2025-11-10T22:18:03","guid":{"rendered":"https:\/\/kurdch.tv\/?p=55623"},"modified":"2025-11-10T23:18:04","modified_gmt":"2025-11-10T22:18:04","slug":"rojev-mijar-zedebuna-zext-u-givasan-bo-ser-calakvanen-medeni-li-navxweye-welat","status":"publish","type":"post","link":"https:\/\/kurdch.tv\/?p=55623","title":{"rendered":"Rojev &#8211; Mijar &#8211; z\u00eadeb\u00fbna zext \u00fb giva\u015fan bo ser \u00e7alakvan\u00ean meden\u00ee li navxwey\u00ea welat"},"content":{"rendered":"\n<iframe loading=\"lazy\" src=\"https:\/\/drive.google.com\/file\/d\/1sCjBrBcF0UaQyZKMWgBgFSpVffv5I9Ot\/preview\" width=\"720\" height=\"480\" allow=\"autoplay\"><\/iframe>\n\n\n\n<p><\/p>\n\n\n\n<p><a><\/a>M\u00eevan -Res\u00fbl Geleban\u060c Rojnamevan<\/p>\n","protected":false},"excerpt":{"rendered":"<p>M\u00eevan -Res\u00fbl Geleban\u060c Rojnamevan<\/p>\n","protected":false},"author":3,"featured_media":55624,"comment_status":"open","ping_status":"open","sticky":false,"template":"","format":"standard","meta":{"footnotes":""},"categories":[119],"tags":[],"class_list":["post-55623","post","type-post","status-publish","format-standard","has-post-thumbnail","hentry","category-119"],"_links":{"self":[{"href":"https:\/\/kurdch.tv\/index.php?rest_route=\/wp\/v2\/posts\/55623","targetHints":{"allow":["GET"]}}],"collection":[{"href":"https:\/\/kurdch.tv\/index.php?rest_route=\/wp\/v2\/posts"}],"about":[{"href":"https:\/\/kurdch.tv\/index.php?rest_route=\/wp\/v2\/types\/post"}],"author":[{"embeddable":true,"href":"https:\/\/kurdch.tv\/index.php?rest_route=\/wp\/v2\/users\/3"}],"replies":[{"embeddable":true,"href":"https:\/\/kurdch.tv\/index.php?rest_route=%2Fwp%2Fv2%2Fcomments&post=55623"}],"version-history":[{"count":1,"href":"https:\/\/kurdch.tv\/index.php?rest_route=\/wp\/v2\/posts\/55623\/revisions"}],"predecessor-version":[{"id":55625,"href":"https:\/\/kurdch.tv\/index.php?rest_route=\/wp\/v2\/posts\/55623\/revisions\/55625"}],"wp:featuredmedia":[{"embeddable":true,"href":"https:\/\/kurdch.tv\/index.php?rest_route=\/wp\/v2\/media\/55624"}],"wp:attachment":[{"href":"https:\/\/kurdch.tv\/index.php?rest_route=%2Fwp%2Fv2%2Fmedia&parent=55623"}],"wp:term":[{"taxonomy":"category","embeddable":true,"href":"https:\/\/kurdch.tv\/index.php?rest_route=%2Fwp%2Fv2%2Fcategories&post=55623"},{"taxonomy":"post_tag","embeddable":true,"href":"https:\/\/kurdch.tv\/index.php?rest_route=%2Fwp%2Fv2%2Ftags&post=55623"}],"curies":[{"name":"wp","href":"https:\/\/api.w.org\/{rel}","templated":true}]}}