{"id":60630,"date":"2026-04-27T21:58:00","date_gmt":"2026-04-27T19:58:00","guid":{"rendered":"https:\/\/kurdch.tv\/?p=60630"},"modified":"2026-04-28T14:00:40","modified_gmt":"2026-04-28T12:00:40","slug":"rumala-agirbeste-u-danustandina-di-navbera-iran-u-amerikaye-de-9","status":"publish","type":"post","link":"https:\/\/kurdch.tv\/?p=60630","title":{"rendered":"R\u00fbmala agirbest\u00ea \u00fb dan\u00fbstandina di navbera \u00ceran \u00fb Am\u00ear\u00eekay\u00ea de"},"content":{"rendered":"\n<iframe loading=\"lazy\" src=\"https:\/\/drive.google.com\/file\/d\/1GWYHNQd87M5YFrXOmTsKFJ_VE9qJYMzk\/preview\" width=\"720\" height=\"480\"><\/iframe>\n\n\n\n<p><\/p>\n\n\n\n<p>M\u00eevan \u2013 Dr. Mec\u00eed Heq\u00ee\u060c \u015eirovekar\u00ea siyas\u00ee<\/p>\n","protected":false},"excerpt":{"rendered":"<p>M\u00eevan \u2013 Dr. Mec\u00eed Heq\u00ee\u060c \u015eirovekar\u00ea siyas\u00ee<\/p>\n","protected":false},"author":3,"featured_media":60631,"comment_status":"open","ping_status":"open","sticky":false,"template":"","format":"standard","meta":{"footnotes":""},"categories":[2567],"tags":[],"class_list":["post-60630","post","type-post","status-publish","format-standard","has-post-thumbnail","hentry","category-2567"],"_links":{"self":[{"href":"https:\/\/kurdch.tv\/index.php?rest_route=\/wp\/v2\/posts\/60630","targetHints":{"allow":["GET"]}}],"collection":[{"href":"https:\/\/kurdch.tv\/index.php?rest_route=\/wp\/v2\/posts"}],"about":[{"href":"https:\/\/kurdch.tv\/index.php?rest_route=\/wp\/v2\/types\/post"}],"author":[{"embeddable":true,"href":"https:\/\/kurdch.tv\/index.php?rest_route=\/wp\/v2\/users\/3"}],"replies":[{"embeddable":true,"href":"https:\/\/kurdch.tv\/index.php?rest_route=%2Fwp%2Fv2%2Fcomments&post=60630"}],"version-history":[{"count":1,"href":"https:\/\/kurdch.tv\/index.php?rest_route=\/wp\/v2\/posts\/60630\/revisions"}],"predecessor-version":[{"id":60632,"href":"https:\/\/kurdch.tv\/index.php?rest_route=\/wp\/v2\/posts\/60630\/revisions\/60632"}],"wp:featuredmedia":[{"embeddable":true,"href":"https:\/\/kurdch.tv\/index.php?rest_route=\/wp\/v2\/media\/60631"}],"wp:attachment":[{"href":"https:\/\/kurdch.tv\/index.php?rest_route=%2Fwp%2Fv2%2Fmedia&parent=60630"}],"wp:term":[{"taxonomy":"category","embeddable":true,"href":"https:\/\/kurdch.tv\/index.php?rest_route=%2Fwp%2Fv2%2Fcategories&post=60630"},{"taxonomy":"post_tag","embeddable":true,"href":"https:\/\/kurdch.tv\/index.php?rest_route=%2Fwp%2Fv2%2Ftags&post=60630"}],"curies":[{"name":"wp","href":"https:\/\/api.w.org\/{rel}","templated":true}]}}